{"id":306,"date":"2025-03-24T07:57:55","date_gmt":"2025-03-24T06:57:55","guid":{"rendered":"https:\/\/www.etnografic-campos.com\/?p=306"},"modified":"2025-04-03T08:10:55","modified_gmt":"2025-04-03T08:10:55","slug":"orden-y-estatus-de-la-coleccion","status":"publish","type":"post","link":"https:\/\/www.etnografic-campos.com\/es\/sobre-la-exposicion\/orden-y-estatus-de-la-coleccion\/","title":{"rendered":"Orden y estatus de la colecci\u00f3n"},"content":{"rendered":"<p>La exposici\u00f3n se divide en tres sectores diferenciados:<\/p>\n<p>En la planta baja, una peque\u00f1a parte est\u00e1 dedicada al sector primario, en especial la agricultura, que manten\u00eda ocupados a gran parte de la poblaci\u00f3n de la zona.<\/p>\n<p>El resto de la planta baja y gran parte de la segunda est\u00e1 ocupada por oficios pertenecientes al sector secundario, exponiendo los m\u00e1s representativos de la zona aunque faltan algunos.<\/p>\n<p>Un peque\u00f1o sector de la segunda planta est\u00e1 destinada al sector terciario, comercio y algunos servicios.<\/p>\n<p>La segunda planta se divide en tres partes:<\/p>\n<ul>\n<li>Una sala est\u00e1 dedicada al sistema de pesos y medidas, tanto la anterior al sistema m\u00e9trico, como una peque\u00f1a parte con antiguos objetos del actual sistema.<\/li>\n<li>La sala de mayor tama\u00f1o est\u00e1 dedicada a los aspectos dom\u00e9sticos de la casa mallorquina y sus habitantes.<\/li>\n<li>La \u00faltima sala del recorrido es polivalente y est\u00e1 dotada con una colecci\u00f3n de pintura de toda \u00e9poca de pintores de Campos o relacionados con el pueblo.<\/li>\n<\/ul>\n<p><img loading=\"lazy\" decoding=\"async\" class=\"wp-image-586 size-full aligncenter\" src=\"https:\/\/www.etnografic-campos.com\/wp-content\/uploads\/2025\/03\/interior-etnografic-campos-02.jpg\" alt=\"Interior Etnogr\u00e0fic Campos\" width=\"890\" height=\"668\" srcset=\"https:\/\/www.etnografic-campos.com\/wp-content\/uploads\/2025\/03\/interior-etnografic-campos-02.jpg 890w, https:\/\/www.etnografic-campos.com\/wp-content\/uploads\/2025\/03\/interior-etnografic-campos-02-300x225.jpg 300w, https:\/\/www.etnografic-campos.com\/wp-content\/uploads\/2025\/03\/interior-etnografic-campos-02-768x576.jpg 768w, https:\/\/www.etnografic-campos.com\/wp-content\/uploads\/2025\/03\/interior-etnografic-campos-02-360x270.jpg 360w, https:\/\/www.etnografic-campos.com\/wp-content\/uploads\/2025\/03\/interior-etnografic-campos-02-640x480.jpg 640w\" sizes=\"auto, (max-width: 890px) 100vw, 890px\" \/><\/p>\n<h2>Orden de la colecci\u00f3n de Etnogr\u00e0fic Campos<\/h2>\n<p>La colecci\u00f3n se exhibe de la forma m\u00e1s ordenada posible en cuanto a tem\u00e1tica, aunque no siempre ha sido posible mantener esta l\u00ednea, especialmente con la secci\u00f3n vin\u00edcola, ya que se pretend\u00eda que quedara donde siempre hab\u00eda estado en el pasado de este edificio.<\/p>\n<p>En t\u00e9rminos generales, se ha pretendido que la exposici\u00f3n tuviera un mensaje continuado y ordenado etnogr\u00e1ficamente. Tambi\u00e9n se ha intentado mantener una proporci\u00f3n de espacios y secciones, sin embargo esto ha supuesto el no poder exponer algunas piezas adquiridas.<\/p>\n<p>Desde el primer momento, se ha intentado que cada secci\u00f3n quedara lo m\u00e1s completa posible, haciendo verdaderos esfuerzos en conseguir las piezas de las que no se dispon\u00edan y sobre todo, destacar a las m\u00e1s sencillas -que a menudo son las m\u00e1s dif\u00edciles de conseguir y las que desaparecen con mayor facilidad-, para que la evoluci\u00f3n no quedara interrumpida, como si se pudiera reiniciar la actividad en cualquier momento.<\/p>\n<p><img loading=\"lazy\" decoding=\"async\" class=\"aligncenter wp-image-386 size-full\" src=\"https:\/\/www.etnografic-campos.com\/wp-content\/uploads\/2025\/03\/mimbres-en-etnografic-campos.jpg\" alt=\"Detall interior Etnogr\u00e0fic Campos\" width=\"890\" height=\"460\" srcset=\"https:\/\/www.etnografic-campos.com\/wp-content\/uploads\/2025\/03\/mimbres-en-etnografic-campos.jpg 890w, https:\/\/www.etnografic-campos.com\/wp-content\/uploads\/2025\/03\/mimbres-en-etnografic-campos-300x155.jpg 300w, https:\/\/www.etnografic-campos.com\/wp-content\/uploads\/2025\/03\/mimbres-en-etnografic-campos-768x397.jpg 768w, https:\/\/www.etnografic-campos.com\/wp-content\/uploads\/2025\/03\/mimbres-en-etnografic-campos-360x186.jpg 360w, https:\/\/www.etnografic-campos.com\/wp-content\/uploads\/2025\/03\/mimbres-en-etnografic-campos-640x331.jpg 640w\" sizes=\"auto, (max-width: 890px) 100vw, 890px\" \/><\/p>\n<p>Las piezas de la colecci\u00f3n han sido m\u00ednimamente restauradas o, en muchos casos, tan s\u00f3lo limpiadas. Algunas, de momento, se exhiben sin restaurar, como es el caso de algunos instrumentos musicales, a la espera de disponer de financiaci\u00f3n.<\/p>\n<p>Si bien se ha intentado acotar o especializar la tem\u00e1tica, finalmente no ha sido as\u00ed. Dada la escasez de colecciones etnogr\u00e1ficas abiertas al p\u00fablico \u2014al menos las que corresponder\u00edan a una comunidad aut\u00f3noma como la nuestra\u2014 se ha intentado que la colecci\u00f3n fuera lo m\u00e1s amplia posible, siempre dentro del contexto de la etnograf\u00eda, para que los visitantes pudiesen tener una visi\u00f3n global de los recursos que se dispon\u00edan en la zona de Mallorca donde est\u00e1 ubicada la exposici\u00f3n.<\/p>\n<p>Lo que s\u00ed se ha acotado, y as\u00ed se mantuvo desde el inicio de esta colecci\u00f3n, ha sido que todas las secciones de los sectores primario y secundario prescinden de fuerza motriz, tanto sea con motores de explosi\u00f3n como el\u00e9ctricos; solo en tres secciones del sector terciario se ha hecho la excepci\u00f3n de introducir la electricidad.<\/p>\n<p><strong>La colecci\u00f3n se encuentra actualmente en tareas de catalogaci\u00f3n<\/strong>, que para poder realizarse correctamente, era necesario que las secciones estuvieran completamente montadas, pues hasta ese momento no se ha sabido qu\u00e9 elementos ser\u00edan los definitivos.<br \/>\nDada la magnitud de la tarea, se abrir\u00e1 al p\u00fablico, mientras tanto se realiza el inventario de una forma adecuada.<\/p>\n<h2>El estatus de la exposici\u00f3n del Etnogr\u00e0fic Campos<\/h2>\n<p>Tanto en la construcci\u00f3n del edificio, como ya se ha explicado en otro apartado anterior, como para la adquisici\u00f3n de las piezas de la colecci\u00f3n, as\u00ed como para el montaje de la misma, nunca se ha contado con ning\u00fan sistema de ayuda p\u00fablica. No se han solicitado, simplemente porque hasta pr\u00e1cticamente el \u00faltimo momento no se supo con certeza si el proyecto llegar\u00eda a buen fin.<\/p>\n<p>Por otra parte, la exposici\u00f3n etnogr\u00e1fica permanente, a d\u00eda de hoy funciona como empresa privada, empleando un local adaptado a su uso y disponiendo de la oportuna licencia de actividad.<\/p>\n<p>Consideramos que se podr\u00eda optar a la obtenci\u00f3n del estatus de colecci\u00f3n museogr\u00e1fica, creemos que cumplimos los objetivos y no descartamos que en un futuro se pueda optar por esta figura, pero esta opci\u00f3n comporta unas obligaciones y deberes por parte privada y p\u00fablica que no siempre son equitativas.<\/p>\n<p>El funcionamiento y gesti\u00f3n de esta exposici\u00f3n, no tiene ninguna ambici\u00f3n lucrativa, lo que, sin embargo, en caso de tenerla, nunca amortizar\u00eda la inversi\u00f3n hecha tanto en el continente como en el contenido, simplemente persigue poder cubrir los costes de mantenimiento -que son muchos-, de servicios, de impuestos y en su caso de personal. El objetivo principal es mostrar una peque\u00f1a parte de nuestra historia, con mucha ilusi\u00f3n, autenticidad y rigor, aunque sea desde una iniciativa privada con las limitaciones que eso conlleva.<\/p>\n","protected":false},"excerpt":{"rendered":"<p>La exposici\u00f3n se divide en tres sectores diferenciados: En la planta baja, una peque\u00f1a parte est\u00e1 dedicada al sector primario, en especial la agricultura, que manten\u00eda ocupados a gran parte de la poblaci\u00f3n de la zona. El resto de la planta baja y gran parte de la segunda est\u00e1 ocupada por oficios pertenecientes al sector [&hellip;]<\/p>\n","protected":false},"author":5,"featured_media":382,"comment_status":"open","ping_status":"open","sticky":false,"template":"","format":"standard","meta":{"_acf_changed":false,"footnotes":""},"categories":[6],"tags":[20,21,19,18],"class_list":["post-306","post","type-post","status-publish","format-standard","has-post-thumbnail","hentry","category-sobre-la-exposicion","tag-cultura-mallorca-es","tag-etnografia-es","tag-exposicion-permanente","tag-museos-de-mallorca"],"acf":[],"yoast_head":"<!-- This site is optimized with the Yoast SEO plugin v27.4 - https:\/\/yoast.com\/product\/yoast-seo-wordpress\/ -->\n<title>Orden y estatus de la colecci\u00f3n - Etnogr\u00e0fic Campos<\/title>\n<meta name=\"description\" content=\"La colecci\u00f3n se exhibe de la manera m\u00e1s clara posible en cuanto a tem\u00e1tica. La exposici\u00f3n ocupa tres plantas del edificio restaurado.\" \/>\n<meta name=\"robots\" content=\"index, follow, max-snippet:-1, max-image-preview:large, max-video-preview:-1\" \/>\n<link rel=\"canonical\" href=\"https:\/\/www.etnografic-campos.com\/es\/sobre-la-exposicion\/orden-y-estatus-de-la-coleccion\/\" \/>\n<meta property=\"og:locale\" content=\"es_ES\" \/>\n<meta property=\"og:type\" content=\"article\" \/>\n<meta property=\"og:title\" content=\"Orden y estatus de la colecci\u00f3n del Etnogr\u00e0fic Campos\" \/>\n<meta property=\"og:description\" content=\"La colecci\u00f3n se exhibe de la manera m\u00e1s clara posible en cuanto a tem\u00e1tica. La exposici\u00f3n ocupa tres plantas del edificio restaurado.\" \/>\n<meta property=\"og:url\" content=\"https:\/\/www.etnografic-campos.com\/es\/sobre-la-exposicion\/orden-y-estatus-de-la-coleccion\/\" \/>\n<meta property=\"og:site_name\" content=\"Etnogr\u00e0fic Campos\" \/>\n<meta property=\"article:published_time\" content=\"2025-03-24T06:57:55+00:00\" \/>\n<meta property=\"article:modified_time\" content=\"2025-04-03T08:10:55+00:00\" \/>\n<meta property=\"og:image\" content=\"https:\/\/www.etnografic-campos.com\/wp-content\/uploads\/2025\/03\/inicio-recorrido-en-etnografic-campos.jpg\" \/>\n\t<meta property=\"og:image:width\" content=\"1200\" \/>\n\t<meta property=\"og:image:height\" content=\"825\" \/>\n\t<meta property=\"og:image:type\" content=\"image\/jpeg\" \/>\n<meta name=\"author\" content=\"frontend\" \/>\n<meta name=\"twitter:card\" content=\"summary_large_image\" \/>\n<meta name=\"twitter:label1\" content=\"Escrito por\" \/>\n\t<meta name=\"twitter:data1\" content=\"frontend\" \/>\n\t<meta name=\"twitter:label2\" content=\"Tiempo de lectura\" \/>\n\t<meta name=\"twitter:data2\" content=\"5 minutos\" \/>\n<script type=\"application\/ld+json\" class=\"yoast-schema-graph\">{\"@context\":\"https:\\\/\\\/schema.org\",\"@graph\":[{\"@type\":\"Article\",\"@id\":\"https:\\\/\\\/www.etnografic-campos.com\\\/es\\\/sobre-la-exposicion\\\/orden-y-estatus-de-la-coleccion\\\/#article\",\"isPartOf\":{\"@id\":\"https:\\\/\\\/www.etnografic-campos.com\\\/es\\\/sobre-la-exposicion\\\/orden-y-estatus-de-la-coleccion\\\/\"},\"author\":{\"name\":\"frontend\",\"@id\":\"https:\\\/\\\/www.etnografic-campos.com\\\/#\\\/schema\\\/person\\\/d856136384cb91f279ff66c0c10580c5\"},\"headline\":\"Orden y estatus de la colecci\u00f3n\",\"datePublished\":\"2025-03-24T06:57:55+00:00\",\"dateModified\":\"2025-04-03T08:10:55+00:00\",\"mainEntityOfPage\":{\"@id\":\"https:\\\/\\\/www.etnografic-campos.com\\\/es\\\/sobre-la-exposicion\\\/orden-y-estatus-de-la-coleccion\\\/\"},\"wordCount\":872,\"commentCount\":0,\"publisher\":{\"@id\":\"https:\\\/\\\/www.etnografic-campos.com\\\/#organization\"},\"image\":{\"@id\":\"https:\\\/\\\/www.etnografic-campos.com\\\/es\\\/sobre-la-exposicion\\\/orden-y-estatus-de-la-coleccion\\\/#primaryimage\"},\"thumbnailUrl\":\"https:\\\/\\\/www.etnografic-campos.com\\\/wp-content\\\/uploads\\\/2025\\\/03\\\/inicio-recorrido-en-etnografic-campos.jpg\",\"keywords\":[\"cultura Mallorca\",\"Etnografia\",\"exposici\u00f3n permanente\",\"museos de Mallorca\"],\"articleSection\":[\"Sobre la exposici\u00f3n\"],\"inLanguage\":\"es\",\"potentialAction\":[{\"@type\":\"CommentAction\",\"name\":\"Comment\",\"target\":[\"https:\\\/\\\/www.etnografic-campos.com\\\/es\\\/sobre-la-exposicion\\\/orden-y-estatus-de-la-coleccion\\\/#respond\"]}]},{\"@type\":\"WebPage\",\"@id\":\"https:\\\/\\\/www.etnografic-campos.com\\\/es\\\/sobre-la-exposicion\\\/orden-y-estatus-de-la-coleccion\\\/\",\"url\":\"https:\\\/\\\/www.etnografic-campos.com\\\/es\\\/sobre-la-exposicion\\\/orden-y-estatus-de-la-coleccion\\\/\",\"name\":\"Orden y estatus de la colecci\u00f3n - Etnogr\u00e0fic Campos\",\"isPartOf\":{\"@id\":\"https:\\\/\\\/www.etnografic-campos.com\\\/#website\"},\"primaryImageOfPage\":{\"@id\":\"https:\\\/\\\/www.etnografic-campos.com\\\/es\\\/sobre-la-exposicion\\\/orden-y-estatus-de-la-coleccion\\\/#primaryimage\"},\"image\":{\"@id\":\"https:\\\/\\\/www.etnografic-campos.com\\\/es\\\/sobre-la-exposicion\\\/orden-y-estatus-de-la-coleccion\\\/#primaryimage\"},\"thumbnailUrl\":\"https:\\\/\\\/www.etnografic-campos.com\\\/wp-content\\\/uploads\\\/2025\\\/03\\\/inicio-recorrido-en-etnografic-campos.jpg\",\"datePublished\":\"2025-03-24T06:57:55+00:00\",\"dateModified\":\"2025-04-03T08:10:55+00:00\",\"description\":\"La colecci\u00f3n se exhibe de la manera m\u00e1s clara posible en cuanto a tem\u00e1tica. La exposici\u00f3n ocupa tres plantas del edificio restaurado.\",\"breadcrumb\":{\"@id\":\"https:\\\/\\\/www.etnografic-campos.com\\\/es\\\/sobre-la-exposicion\\\/orden-y-estatus-de-la-coleccion\\\/#breadcrumb\"},\"inLanguage\":\"es\",\"potentialAction\":[{\"@type\":\"ReadAction\",\"target\":[\"https:\\\/\\\/www.etnografic-campos.com\\\/es\\\/sobre-la-exposicion\\\/orden-y-estatus-de-la-coleccion\\\/\"]}]},{\"@type\":\"ImageObject\",\"inLanguage\":\"es\",\"@id\":\"https:\\\/\\\/www.etnografic-campos.com\\\/es\\\/sobre-la-exposicion\\\/orden-y-estatus-de-la-coleccion\\\/#primaryimage\",\"url\":\"https:\\\/\\\/www.etnografic-campos.com\\\/wp-content\\\/uploads\\\/2025\\\/03\\\/inicio-recorrido-en-etnografic-campos.jpg\",\"contentUrl\":\"https:\\\/\\\/www.etnografic-campos.com\\\/wp-content\\\/uploads\\\/2025\\\/03\\\/inicio-recorrido-en-etnografic-campos.jpg\",\"width\":1200,\"height\":825,\"caption\":\"Detall interior Etnogr\u00e0fic Campos\"},{\"@type\":\"BreadcrumbList\",\"@id\":\"https:\\\/\\\/www.etnografic-campos.com\\\/es\\\/sobre-la-exposicion\\\/orden-y-estatus-de-la-coleccion\\\/#breadcrumb\",\"itemListElement\":[{\"@type\":\"ListItem\",\"position\":1,\"name\":\"Inici\",\"item\":\"https:\\\/\\\/www.etnografic-campos.com\\\/es\\\/\"},{\"@type\":\"ListItem\",\"position\":2,\"name\":\"Orden y estatus de la colecci\u00f3n\"}]},{\"@type\":\"WebSite\",\"@id\":\"https:\\\/\\\/www.etnografic-campos.com\\\/#website\",\"url\":\"https:\\\/\\\/www.etnografic-campos.com\\\/\",\"name\":\"Etnogr\u00e0fic Campos\",\"description\":\"Un viatge a l&#039;ess\u00e8ncia de Mallorca a trav\u00e9s dels seus objectes i tradicions\",\"publisher\":{\"@id\":\"https:\\\/\\\/www.etnografic-campos.com\\\/#organization\"},\"alternateName\":\"Etnogr\u00e0fic Campos\",\"potentialAction\":[{\"@type\":\"SearchAction\",\"target\":{\"@type\":\"EntryPoint\",\"urlTemplate\":\"https:\\\/\\\/www.etnografic-campos.com\\\/?s={search_term_string}\"},\"query-input\":{\"@type\":\"PropertyValueSpecification\",\"valueRequired\":true,\"valueName\":\"search_term_string\"}}],\"inLanguage\":\"es\"},{\"@type\":\"Organization\",\"@id\":\"https:\\\/\\\/www.etnografic-campos.com\\\/#organization\",\"name\":\"Etnogr\u00e0fic Campos\",\"url\":\"https:\\\/\\\/www.etnografic-campos.com\\\/\",\"logo\":{\"@type\":\"ImageObject\",\"inLanguage\":\"es\",\"@id\":\"https:\\\/\\\/www.etnografic-campos.com\\\/#\\\/schema\\\/logo\\\/image\\\/\",\"url\":\"https:\\\/\\\/www.etnografic-campos.com\\\/wp-content\\\/uploads\\\/2025\\\/03\\\/etnografic-campos.jpeg\",\"contentUrl\":\"https:\\\/\\\/www.etnografic-campos.com\\\/wp-content\\\/uploads\\\/2025\\\/03\\\/etnografic-campos.jpeg\",\"width\":800,\"height\":403,\"caption\":\"Etnogr\u00e0fic Campos\"},\"image\":{\"@id\":\"https:\\\/\\\/www.etnografic-campos.com\\\/#\\\/schema\\\/logo\\\/image\\\/\"}},{\"@type\":\"Person\",\"@id\":\"https:\\\/\\\/www.etnografic-campos.com\\\/#\\\/schema\\\/person\\\/d856136384cb91f279ff66c0c10580c5\",\"name\":\"frontend\",\"image\":{\"@type\":\"ImageObject\",\"inLanguage\":\"es\",\"@id\":\"https:\\\/\\\/secure.gravatar.com\\\/avatar\\\/bedee315c5f973506f4cd5c6abf2af1891e6a4fa8ec1287bdc3ffbf37d23cc1d?s=96&d=mm&r=g\",\"url\":\"https:\\\/\\\/secure.gravatar.com\\\/avatar\\\/bedee315c5f973506f4cd5c6abf2af1891e6a4fa8ec1287bdc3ffbf37d23cc1d?s=96&d=mm&r=g\",\"contentUrl\":\"https:\\\/\\\/secure.gravatar.com\\\/avatar\\\/bedee315c5f973506f4cd5c6abf2af1891e6a4fa8ec1287bdc3ffbf37d23cc1d?s=96&d=mm&r=g\",\"caption\":\"frontend\"},\"url\":\"https:\\\/\\\/www.etnografic-campos.com\\\/es\\\/author\\\/frontend\\\/\"}]}<\/script>\n<!-- \/ Yoast SEO plugin. -->","yoast_head_json":{"title":"Orden y estatus de la colecci\u00f3n - Etnogr\u00e0fic Campos","description":"La colecci\u00f3n se exhibe de la manera m\u00e1s clara posible en cuanto a tem\u00e1tica. La exposici\u00f3n ocupa tres plantas del edificio restaurado.","robots":{"index":"index","follow":"follow","max-snippet":"max-snippet:-1","max-image-preview":"max-image-preview:large","max-video-preview":"max-video-preview:-1"},"canonical":"https:\/\/www.etnografic-campos.com\/es\/sobre-la-exposicion\/orden-y-estatus-de-la-coleccion\/","og_locale":"es_ES","og_type":"article","og_title":"Orden y estatus de la colecci\u00f3n del Etnogr\u00e0fic Campos","og_description":"La colecci\u00f3n se exhibe de la manera m\u00e1s clara posible en cuanto a tem\u00e1tica. La exposici\u00f3n ocupa tres plantas del edificio restaurado.","og_url":"https:\/\/www.etnografic-campos.com\/es\/sobre-la-exposicion\/orden-y-estatus-de-la-coleccion\/","og_site_name":"Etnogr\u00e0fic Campos","article_published_time":"2025-03-24T06:57:55+00:00","article_modified_time":"2025-04-03T08:10:55+00:00","og_image":[{"width":1200,"height":825,"url":"https:\/\/www.etnografic-campos.com\/wp-content\/uploads\/2025\/03\/inicio-recorrido-en-etnografic-campos.jpg","type":"image\/jpeg"}],"author":"frontend","twitter_card":"summary_large_image","twitter_misc":{"Escrito por":"frontend","Tiempo de lectura":"5 minutos"},"schema":{"@context":"https:\/\/schema.org","@graph":[{"@type":"Article","@id":"https:\/\/www.etnografic-campos.com\/es\/sobre-la-exposicion\/orden-y-estatus-de-la-coleccion\/#article","isPartOf":{"@id":"https:\/\/www.etnografic-campos.com\/es\/sobre-la-exposicion\/orden-y-estatus-de-la-coleccion\/"},"author":{"name":"frontend","@id":"https:\/\/www.etnografic-campos.com\/#\/schema\/person\/d856136384cb91f279ff66c0c10580c5"},"headline":"Orden y estatus de la colecci\u00f3n","datePublished":"2025-03-24T06:57:55+00:00","dateModified":"2025-04-03T08:10:55+00:00","mainEntityOfPage":{"@id":"https:\/\/www.etnografic-campos.com\/es\/sobre-la-exposicion\/orden-y-estatus-de-la-coleccion\/"},"wordCount":872,"commentCount":0,"publisher":{"@id":"https:\/\/www.etnografic-campos.com\/#organization"},"image":{"@id":"https:\/\/www.etnografic-campos.com\/es\/sobre-la-exposicion\/orden-y-estatus-de-la-coleccion\/#primaryimage"},"thumbnailUrl":"https:\/\/www.etnografic-campos.com\/wp-content\/uploads\/2025\/03\/inicio-recorrido-en-etnografic-campos.jpg","keywords":["cultura Mallorca","Etnografia","exposici\u00f3n permanente","museos de Mallorca"],"articleSection":["Sobre la exposici\u00f3n"],"inLanguage":"es","potentialAction":[{"@type":"CommentAction","name":"Comment","target":["https:\/\/www.etnografic-campos.com\/es\/sobre-la-exposicion\/orden-y-estatus-de-la-coleccion\/#respond"]}]},{"@type":"WebPage","@id":"https:\/\/www.etnografic-campos.com\/es\/sobre-la-exposicion\/orden-y-estatus-de-la-coleccion\/","url":"https:\/\/www.etnografic-campos.com\/es\/sobre-la-exposicion\/orden-y-estatus-de-la-coleccion\/","name":"Orden y estatus de la colecci\u00f3n - Etnogr\u00e0fic Campos","isPartOf":{"@id":"https:\/\/www.etnografic-campos.com\/#website"},"primaryImageOfPage":{"@id":"https:\/\/www.etnografic-campos.com\/es\/sobre-la-exposicion\/orden-y-estatus-de-la-coleccion\/#primaryimage"},"image":{"@id":"https:\/\/www.etnografic-campos.com\/es\/sobre-la-exposicion\/orden-y-estatus-de-la-coleccion\/#primaryimage"},"thumbnailUrl":"https:\/\/www.etnografic-campos.com\/wp-content\/uploads\/2025\/03\/inicio-recorrido-en-etnografic-campos.jpg","datePublished":"2025-03-24T06:57:55+00:00","dateModified":"2025-04-03T08:10:55+00:00","description":"La colecci\u00f3n se exhibe de la manera m\u00e1s clara posible en cuanto a tem\u00e1tica. La exposici\u00f3n ocupa tres plantas del edificio restaurado.","breadcrumb":{"@id":"https:\/\/www.etnografic-campos.com\/es\/sobre-la-exposicion\/orden-y-estatus-de-la-coleccion\/#breadcrumb"},"inLanguage":"es","potentialAction":[{"@type":"ReadAction","target":["https:\/\/www.etnografic-campos.com\/es\/sobre-la-exposicion\/orden-y-estatus-de-la-coleccion\/"]}]},{"@type":"ImageObject","inLanguage":"es","@id":"https:\/\/www.etnografic-campos.com\/es\/sobre-la-exposicion\/orden-y-estatus-de-la-coleccion\/#primaryimage","url":"https:\/\/www.etnografic-campos.com\/wp-content\/uploads\/2025\/03\/inicio-recorrido-en-etnografic-campos.jpg","contentUrl":"https:\/\/www.etnografic-campos.com\/wp-content\/uploads\/2025\/03\/inicio-recorrido-en-etnografic-campos.jpg","width":1200,"height":825,"caption":"Detall interior Etnogr\u00e0fic Campos"},{"@type":"BreadcrumbList","@id":"https:\/\/www.etnografic-campos.com\/es\/sobre-la-exposicion\/orden-y-estatus-de-la-coleccion\/#breadcrumb","itemListElement":[{"@type":"ListItem","position":1,"name":"Inici","item":"https:\/\/www.etnografic-campos.com\/es\/"},{"@type":"ListItem","position":2,"name":"Orden y estatus de la colecci\u00f3n"}]},{"@type":"WebSite","@id":"https:\/\/www.etnografic-campos.com\/#website","url":"https:\/\/www.etnografic-campos.com\/","name":"Etnogr\u00e0fic Campos","description":"Un viatge a l&#039;ess\u00e8ncia de Mallorca a trav\u00e9s dels seus objectes i tradicions","publisher":{"@id":"https:\/\/www.etnografic-campos.com\/#organization"},"alternateName":"Etnogr\u00e0fic Campos","potentialAction":[{"@type":"SearchAction","target":{"@type":"EntryPoint","urlTemplate":"https:\/\/www.etnografic-campos.com\/?s={search_term_string}"},"query-input":{"@type":"PropertyValueSpecification","valueRequired":true,"valueName":"search_term_string"}}],"inLanguage":"es"},{"@type":"Organization","@id":"https:\/\/www.etnografic-campos.com\/#organization","name":"Etnogr\u00e0fic Campos","url":"https:\/\/www.etnografic-campos.com\/","logo":{"@type":"ImageObject","inLanguage":"es","@id":"https:\/\/www.etnografic-campos.com\/#\/schema\/logo\/image\/","url":"https:\/\/www.etnografic-campos.com\/wp-content\/uploads\/2025\/03\/etnografic-campos.jpeg","contentUrl":"https:\/\/www.etnografic-campos.com\/wp-content\/uploads\/2025\/03\/etnografic-campos.jpeg","width":800,"height":403,"caption":"Etnogr\u00e0fic Campos"},"image":{"@id":"https:\/\/www.etnografic-campos.com\/#\/schema\/logo\/image\/"}},{"@type":"Person","@id":"https:\/\/www.etnografic-campos.com\/#\/schema\/person\/d856136384cb91f279ff66c0c10580c5","name":"frontend","image":{"@type":"ImageObject","inLanguage":"es","@id":"https:\/\/secure.gravatar.com\/avatar\/bedee315c5f973506f4cd5c6abf2af1891e6a4fa8ec1287bdc3ffbf37d23cc1d?s=96&d=mm&r=g","url":"https:\/\/secure.gravatar.com\/avatar\/bedee315c5f973506f4cd5c6abf2af1891e6a4fa8ec1287bdc3ffbf37d23cc1d?s=96&d=mm&r=g","contentUrl":"https:\/\/secure.gravatar.com\/avatar\/bedee315c5f973506f4cd5c6abf2af1891e6a4fa8ec1287bdc3ffbf37d23cc1d?s=96&d=mm&r=g","caption":"frontend"},"url":"https:\/\/www.etnografic-campos.com\/es\/author\/frontend\/"}]}},"_links":{"self":[{"href":"https:\/\/www.etnografic-campos.com\/es\/wp-json\/wp\/v2\/posts\/306","targetHints":{"allow":["GET"]}}],"collection":[{"href":"https:\/\/www.etnografic-campos.com\/es\/wp-json\/wp\/v2\/posts"}],"about":[{"href":"https:\/\/www.etnografic-campos.com\/es\/wp-json\/wp\/v2\/types\/post"}],"author":[{"embeddable":true,"href":"https:\/\/www.etnografic-campos.com\/es\/wp-json\/wp\/v2\/users\/5"}],"replies":[{"embeddable":true,"href":"https:\/\/www.etnografic-campos.com\/es\/wp-json\/wp\/v2\/comments?post=306"}],"version-history":[{"count":7,"href":"https:\/\/www.etnografic-campos.com\/es\/wp-json\/wp\/v2\/posts\/306\/revisions"}],"predecessor-version":[{"id":589,"href":"https:\/\/www.etnografic-campos.com\/es\/wp-json\/wp\/v2\/posts\/306\/revisions\/589"}],"wp:featuredmedia":[{"embeddable":true,"href":"https:\/\/www.etnografic-campos.com\/es\/wp-json\/wp\/v2\/media\/382"}],"wp:attachment":[{"href":"https:\/\/www.etnografic-campos.com\/es\/wp-json\/wp\/v2\/media?parent=306"}],"wp:term":[{"taxonomy":"category","embeddable":true,"href":"https:\/\/www.etnografic-campos.com\/es\/wp-json\/wp\/v2\/categories?post=306"},{"taxonomy":"post_tag","embeddable":true,"href":"https:\/\/www.etnografic-campos.com\/es\/wp-json\/wp\/v2\/tags?post=306"}],"curies":[{"name":"wp","href":"https:\/\/api.w.org\/{rel}","templated":true}]}}